{"id":1611,"date":"2025-01-08T17:10:50","date_gmt":"2025-01-08T17:10:50","guid":{"rendered":"https:\/\/www.delimuhendis.org\/?p=1611"},"modified":"2025-01-11T11:01:09","modified_gmt":"2025-01-11T11:01:09","slug":"uskup-balkan-baskenti","status":"publish","type":"post","link":"https:\/\/www.delimuhendis.org\/?p=1611","title":{"rendered":"\u00dcsk\u00fcp : Balkan Ba\u015fkenti"},"content":{"rendered":"\n<p>Merhabalar, gezi serimizde bu seferki rotam\u0131z, Kuzey Makedonyan\u0131n Ba\u015fkenti \u00dcsk\u00fcp. \u00dcsk\u00fcp vardar nehri \u00fczerinde k\u00f6pr\u00fclerle ikiye ayr\u0131lm\u0131\u015f bir \u015fehir. Bu k\u00f6pr\u00fclerin en me\u015fhuru, Mimar Sinan taraf\u0131ndan yap\u0131ld\u0131\u011f\u0131 belirtilen Ta\u015fk\u00f6pr\u00fcd\u00fcr. Bu k\u00f6pr\u00fcn\u00fcn bir \u00f6zelli\u011fi de \u015fehrin tamamen Avrupai k\u0131sm\u0131 ile daha \u00e7ok T\u00fcrkiye&#8217;yi and\u0131ran k\u0131sm\u0131n\u0131 ikiye ay\u0131rmas\u0131d\u0131r. Y\u00fcr\u00fcyerek bir k\u00f6pr\u00fcden ge\u00e7ip T\u00fcrkiyeden Avrupaya ge\u00e7mi\u015f gibi hissetmeniz gayet m\u00fcmk\u00fcn. Ayr\u0131ca, b\u00f6rekleri, k\u00f6fteleri \u015eopska isimli salatas\u0131 ve kuru fasulyesi ile de me\u015fhur bir \u015fehir. Dolay\u0131s\u0131yla oraya kadar gitmi\u015fken bu lezzetleri tatmadan d\u00f6nmek m\u00fcmk\u00fcn de\u011fil.<\/p>\n\n\n\n<p>Gezime ilk olarak \u015fehrin merkezindeki Makedonya Meydan\u0131na giderek ba\u015fl\u0131yorum. Buras\u0131 ayn\u0131 zamanda heykelleriyle me\u015fhur. En bilineni meydan\u0131n tam ortas\u0131ndaki devasa B\u00fcy\u00fck \u0130skender Heykeli.<\/p>\n\n\n\n<figure class=\"wp-block-image size-large is-resized\"><img loading=\"lazy\" decoding=\"async\" width=\"768\" height=\"1024\" src=\"https:\/\/www.delimuhendis.org\/wp-content\/uploads\/2025\/01\/MakedonyaMeydani-768x1024.jpg\" alt=\"\" class=\"wp-image-1613\" style=\"width:840px;height:auto\" srcset=\"https:\/\/www.delimuhendis.org\/wp-content\/uploads\/2025\/01\/MakedonyaMeydani-768x1024.jpg 768w, https:\/\/www.delimuhendis.org\/wp-content\/uploads\/2025\/01\/MakedonyaMeydani-225x300.jpg 225w, https:\/\/www.delimuhendis.org\/wp-content\/uploads\/2025\/01\/MakedonyaMeydani-1152x1536.jpg 1152w, https:\/\/www.delimuhendis.org\/wp-content\/uploads\/2025\/01\/MakedonyaMeydani-1536x2048.jpg 1536w, https:\/\/www.delimuhendis.org\/wp-content\/uploads\/2025\/01\/MakedonyaMeydani-scaled.jpg 1920w\" sizes=\"auto, (max-width: 768px) 100vw, 768px\" \/><\/figure>\n\n\n\n<p>Buradan birazc\u0131k y\u00fcr\u00fcd\u00fc\u011f\u00fcm\u00fczde g\u00f6z k\u00f6pr\u00fcs\u00fcn\u00fc g\u00f6r\u00fcyoruz ki bu k\u00f6pr\u00fc \u00f6zellikle geceleri g\u00f6ze \u00e7ok ho\u015f gelen foto\u011fraflara \u015fahitlik ediyor.<\/p>\n\n\n\n<figure class=\"wp-block-image size-large\"><img loading=\"lazy\" decoding=\"async\" width=\"768\" height=\"1024\" src=\"https:\/\/www.delimuhendis.org\/wp-content\/uploads\/2025\/01\/SanatKoprusu-768x1024.jpg\" alt=\"\" class=\"wp-image-1614\" srcset=\"https:\/\/www.delimuhendis.org\/wp-content\/uploads\/2025\/01\/SanatKoprusu-768x1024.jpg 768w, https:\/\/www.delimuhendis.org\/wp-content\/uploads\/2025\/01\/SanatKoprusu-225x300.jpg 225w, https:\/\/www.delimuhendis.org\/wp-content\/uploads\/2025\/01\/SanatKoprusu-1152x1536.jpg 1152w, https:\/\/www.delimuhendis.org\/wp-content\/uploads\/2025\/01\/SanatKoprusu-1536x2048.jpg 1536w, https:\/\/www.delimuhendis.org\/wp-content\/uploads\/2025\/01\/SanatKoprusu-scaled.jpg 1920w\" sizes=\"auto, (max-width: 768px) 100vw, 768px\" \/><\/figure>\n\n\n\n<figure class=\"wp-block-image size-large is-resized\"><img loading=\"lazy\" decoding=\"async\" width=\"768\" height=\"1024\" src=\"https:\/\/www.delimuhendis.org\/wp-content\/uploads\/2025\/01\/SanatKoprusu2-768x1024.jpg\" alt=\"\" class=\"wp-image-1615\" style=\"width:767px;height:auto\" srcset=\"https:\/\/www.delimuhendis.org\/wp-content\/uploads\/2025\/01\/SanatKoprusu2-768x1024.jpg 768w, https:\/\/www.delimuhendis.org\/wp-content\/uploads\/2025\/01\/SanatKoprusu2-225x300.jpg 225w, https:\/\/www.delimuhendis.org\/wp-content\/uploads\/2025\/01\/SanatKoprusu2-1152x1536.jpg 1152w, https:\/\/www.delimuhendis.org\/wp-content\/uploads\/2025\/01\/SanatKoprusu2-1536x2048.jpg 1536w, https:\/\/www.delimuhendis.org\/wp-content\/uploads\/2025\/01\/SanatKoprusu2-scaled.jpg 1920w\" sizes=\"auto, (max-width: 768px) 100vw, 768px\" \/><\/figure>\n\n\n\n<p>Buradan sonra otelime gidiyorum ve ertesi g\u00fcn tekrar gezime devam etmek \u00fczere dinlenmeye \u00e7ekiliyorum.<\/p>\n\n\n\n<p>Ertesi g\u00fcn g\u00fcn\u00fcme Ohrili Aziz Clement Kilisesini ziyaret ederek ba\u015fl\u0131yorum. Merkezden 10-15 dakika y\u00fcr\u00fcy\u00fc\u015fle buraya kolayl\u0131kla varabilirsiniz.<\/p>\n\n\n\n<figure class=\"wp-block-image size-large\"><img loading=\"lazy\" decoding=\"async\" width=\"768\" height=\"1024\" src=\"https:\/\/www.delimuhendis.org\/wp-content\/uploads\/2025\/01\/AzizClementKilisesi-768x1024.jpg\" alt=\"\" class=\"wp-image-1617\" srcset=\"https:\/\/www.delimuhendis.org\/wp-content\/uploads\/2025\/01\/AzizClementKilisesi-768x1024.jpg 768w, https:\/\/www.delimuhendis.org\/wp-content\/uploads\/2025\/01\/AzizClementKilisesi-225x300.jpg 225w, https:\/\/www.delimuhendis.org\/wp-content\/uploads\/2025\/01\/AzizClementKilisesi-1152x1536.jpg 1152w, https:\/\/www.delimuhendis.org\/wp-content\/uploads\/2025\/01\/AzizClementKilisesi-1536x2048.jpg 1536w, https:\/\/www.delimuhendis.org\/wp-content\/uploads\/2025\/01\/AzizClementKilisesi-scaled.jpg 1920w\" sizes=\"auto, (max-width: 768px) 100vw, 768px\" \/><\/figure>\n\n\n\n<figure class=\"wp-block-image size-large is-resized\"><img loading=\"lazy\" decoding=\"async\" width=\"768\" height=\"1024\" src=\"https:\/\/www.delimuhendis.org\/wp-content\/uploads\/2025\/01\/AzizClementKilisesi2-768x1024.jpg\" alt=\"\" class=\"wp-image-1618\" style=\"width:771px;height:auto\" srcset=\"https:\/\/www.delimuhendis.org\/wp-content\/uploads\/2025\/01\/AzizClementKilisesi2-768x1024.jpg 768w, https:\/\/www.delimuhendis.org\/wp-content\/uploads\/2025\/01\/AzizClementKilisesi2-225x300.jpg 225w, https:\/\/www.delimuhendis.org\/wp-content\/uploads\/2025\/01\/AzizClementKilisesi2-1152x1536.jpg 1152w, https:\/\/www.delimuhendis.org\/wp-content\/uploads\/2025\/01\/AzizClementKilisesi2-1536x2048.jpg 1536w, https:\/\/www.delimuhendis.org\/wp-content\/uploads\/2025\/01\/AzizClementKilisesi2-scaled.jpg 1920w\" sizes=\"auto, (max-width: 768px) 100vw, 768px\" \/><\/figure>\n\n\n\n<p>Buradan sonra \u00dcsk\u00fcp kalesine \u00e7\u0131k\u0131yorum ve tarihi kaleden \u00dcsk\u00fcp&#8217;\u00fc panoramik seyretme f\u0131rsat\u0131 elde ediyorum. Bu kale \u015fehrin tam merkezinde yer almaktad\u0131r.<\/p>\n\n\n\n<figure class=\"wp-block-image size-large is-resized\"><img loading=\"lazy\" decoding=\"async\" width=\"768\" height=\"1024\" src=\"https:\/\/www.delimuhendis.org\/wp-content\/uploads\/2025\/01\/UskupKalesi-768x1024.jpg\" alt=\"\" class=\"wp-image-1619\" style=\"width:840px;height:auto\" srcset=\"https:\/\/www.delimuhendis.org\/wp-content\/uploads\/2025\/01\/UskupKalesi-768x1024.jpg 768w, https:\/\/www.delimuhendis.org\/wp-content\/uploads\/2025\/01\/UskupKalesi-225x300.jpg 225w, https:\/\/www.delimuhendis.org\/wp-content\/uploads\/2025\/01\/UskupKalesi-1152x1536.jpg 1152w, https:\/\/www.delimuhendis.org\/wp-content\/uploads\/2025\/01\/UskupKalesi-1536x2048.jpg 1536w, https:\/\/www.delimuhendis.org\/wp-content\/uploads\/2025\/01\/UskupKalesi-scaled.jpg 1920w\" sizes=\"auto, (max-width: 768px) 100vw, 768px\" \/><\/figure>\n\n\n\n<p>Sonras\u0131nda sat\u0131n ald\u0131\u011f\u0131m tur ile Teleferik kullanarak Vodno Da\u011f\u0131na \u00e7\u0131k\u0131yor ve Milenyum Ha\u00e7\u0131n\u0131 ziyaret ediyorum. <\/p>\n\n\n\n<figure class=\"wp-block-image size-large\"><img loading=\"lazy\" decoding=\"async\" width=\"768\" height=\"1024\" src=\"https:\/\/www.delimuhendis.org\/wp-content\/uploads\/2025\/01\/VodnoDagi-768x1024.jpg\" alt=\"\" class=\"wp-image-1620\" srcset=\"https:\/\/www.delimuhendis.org\/wp-content\/uploads\/2025\/01\/VodnoDagi-768x1024.jpg 768w, https:\/\/www.delimuhendis.org\/wp-content\/uploads\/2025\/01\/VodnoDagi-225x300.jpg 225w, https:\/\/www.delimuhendis.org\/wp-content\/uploads\/2025\/01\/VodnoDagi-1152x1536.jpg 1152w, https:\/\/www.delimuhendis.org\/wp-content\/uploads\/2025\/01\/VodnoDagi-1536x2048.jpg 1536w, https:\/\/www.delimuhendis.org\/wp-content\/uploads\/2025\/01\/VodnoDagi-scaled.jpg 1920w\" sizes=\"auto, (max-width: 768px) 100vw, 768px\" \/><\/figure>\n\n\n\n<figure class=\"wp-block-image size-large is-resized\"><img loading=\"lazy\" decoding=\"async\" width=\"768\" height=\"1024\" src=\"https:\/\/www.delimuhendis.org\/wp-content\/uploads\/2025\/01\/VodnoDagiMilenyumHaci-768x1024.jpg\" alt=\"\" class=\"wp-image-1621\" style=\"width:774px;height:auto\" srcset=\"https:\/\/www.delimuhendis.org\/wp-content\/uploads\/2025\/01\/VodnoDagiMilenyumHaci-768x1024.jpg 768w, https:\/\/www.delimuhendis.org\/wp-content\/uploads\/2025\/01\/VodnoDagiMilenyumHaci-225x300.jpg 225w, https:\/\/www.delimuhendis.org\/wp-content\/uploads\/2025\/01\/VodnoDagiMilenyumHaci-1152x1536.jpg 1152w, https:\/\/www.delimuhendis.org\/wp-content\/uploads\/2025\/01\/VodnoDagiMilenyumHaci-1536x2048.jpg 1536w, https:\/\/www.delimuhendis.org\/wp-content\/uploads\/2025\/01\/VodnoDagiMilenyumHaci-scaled.jpg 1920w\" sizes=\"auto, (max-width: 768px) 100vw, 768px\" \/><\/figure>\n\n\n\n<p>Sonras\u0131nda Turumuza devam ediyoruz ve me\u015fhur Matka kanyonuna do\u011fru yola \u00e7\u0131k\u0131yoruz. Yol \u00fcst\u00fcnde 12.y\u00fczy\u0131ldan kalma tarihi bir kiliseyi ziyaret ediyoruz. Bu kilise Aziz Panteleimon Kilisesi. \u0130\u00e7 i\u015flemeleri ise orijinal ve muhte\u015fem.<\/p>\n\n\n\n<figure class=\"wp-block-image size-large\"><img loading=\"lazy\" decoding=\"async\" width=\"768\" height=\"1024\" src=\"https:\/\/www.delimuhendis.org\/wp-content\/uploads\/2025\/01\/PanteleimonKilisesi-768x1024.jpg\" alt=\"\" class=\"wp-image-1622\" srcset=\"https:\/\/www.delimuhendis.org\/wp-content\/uploads\/2025\/01\/PanteleimonKilisesi-768x1024.jpg 768w, https:\/\/www.delimuhendis.org\/wp-content\/uploads\/2025\/01\/PanteleimonKilisesi-225x300.jpg 225w, https:\/\/www.delimuhendis.org\/wp-content\/uploads\/2025\/01\/PanteleimonKilisesi-1152x1536.jpg 1152w, https:\/\/www.delimuhendis.org\/wp-content\/uploads\/2025\/01\/PanteleimonKilisesi-1536x2048.jpg 1536w, https:\/\/www.delimuhendis.org\/wp-content\/uploads\/2025\/01\/PanteleimonKilisesi-scaled.jpg 1920w\" sizes=\"auto, (max-width: 768px) 100vw, 768px\" \/><\/figure>\n\n\n\n<p>Gezimizi Matka kanyonu ile noktal\u0131yoruz. Matka kanyonuna toplu ta\u015f\u0131ma ile ula\u015f\u0131m m\u00fcmk\u00fcn ancak otob\u00fcs saatleri \u00e7ok k\u0131s\u0131tl\u0131. Ald\u0131\u011f\u0131m turun b\u00fcy\u00fck faydas\u0131 oldu. Burada dileyenler tekne turuna kat\u0131labilir.<\/p>\n\n\n\n<figure class=\"wp-block-image size-large\"><img loading=\"lazy\" decoding=\"async\" width=\"768\" height=\"1024\" src=\"https:\/\/www.delimuhendis.org\/wp-content\/uploads\/2025\/01\/MatkaKanyonu-768x1024.jpg\" alt=\"\" class=\"wp-image-1623\" srcset=\"https:\/\/www.delimuhendis.org\/wp-content\/uploads\/2025\/01\/MatkaKanyonu-768x1024.jpg 768w, https:\/\/www.delimuhendis.org\/wp-content\/uploads\/2025\/01\/MatkaKanyonu-225x300.jpg 225w, https:\/\/www.delimuhendis.org\/wp-content\/uploads\/2025\/01\/MatkaKanyonu-1152x1536.jpg 1152w, https:\/\/www.delimuhendis.org\/wp-content\/uploads\/2025\/01\/MatkaKanyonu-1536x2048.jpg 1536w, https:\/\/www.delimuhendis.org\/wp-content\/uploads\/2025\/01\/MatkaKanyonu-scaled.jpg 1920w\" sizes=\"auto, (max-width: 768px) 100vw, 768px\" \/><\/figure>\n\n\n\n<p>Bir sonraki gezimizde g\u00f6r\u00fc\u015fmek \u00fczere ho\u015f\u00e7akal\u0131n.<\/p>\n\n\n\n<p><\/p>\n","protected":false},"excerpt":{"rendered":"<p>Merhabalar, gezi serimizde bu seferki rotam\u0131z, Kuzey Makedonyan\u0131n Ba\u015fkenti \u00dcsk\u00fcp. \u00dcsk\u00fcp vardar nehri \u00fczerinde k\u00f6pr\u00fclerle ikiye ayr\u0131lm\u0131\u015f bir \u015fehir. Bu&hellip;<\/p>\n","protected":false},"author":1,"featured_media":1624,"comment_status":"open","ping_status":"open","sticky":false,"template":"","format":"standard","meta":{"footnotes":""},"categories":[5],"tags":[721,723,712,724,720,239,719,714,713,726,725,717,722,715],"class_list":["post-1611","post","type-post","status-publish","format-standard","has-post-thumbnail","hentry","category-seyahat","tag-alexander","tag-alexander-the-great","tag-balkanlar","tag-buyuk-iskender","tag-canyon","tag-gezi","tag-kanyonu","tag-kuzey-makedonya","tag-makedonya","tag-ohrili-aziz-clement","tag-saint-clement-of-ohrid","tag-skopje","tag-the-great","tag-uskup"],"_links":{"self":[{"href":"https:\/\/www.delimuhendis.org\/index.php?rest_route=\/wp\/v2\/posts\/1611","targetHints":{"allow":["GET"]}}],"collection":[{"href":"https:\/\/www.delimuhendis.org\/index.php?rest_route=\/wp\/v2\/posts"}],"about":[{"href":"https:\/\/www.delimuhendis.org\/index.php?rest_route=\/wp\/v2\/types\/post"}],"author":[{"embeddable":true,"href":"https:\/\/www.delimuhendis.org\/index.php?rest_route=\/wp\/v2\/users\/1"}],"replies":[{"embeddable":true,"href":"https:\/\/www.delimuhendis.org\/index.php?rest_route=%2Fwp%2Fv2%2Fcomments&post=1611"}],"version-history":[{"count":4,"href":"https:\/\/www.delimuhendis.org\/index.php?rest_route=\/wp\/v2\/posts\/1611\/revisions"}],"predecessor-version":[{"id":1626,"href":"https:\/\/www.delimuhendis.org\/index.php?rest_route=\/wp\/v2\/posts\/1611\/revisions\/1626"}],"wp:featuredmedia":[{"embeddable":true,"href":"https:\/\/www.delimuhendis.org\/index.php?rest_route=\/wp\/v2\/media\/1624"}],"wp:attachment":[{"href":"https:\/\/www.delimuhendis.org\/index.php?rest_route=%2Fwp%2Fv2%2Fmedia&parent=1611"}],"wp:term":[{"taxonomy":"category","embeddable":true,"href":"https:\/\/www.delimuhendis.org\/index.php?rest_route=%2Fwp%2Fv2%2Fcategories&post=1611"},{"taxonomy":"post_tag","embeddable":true,"href":"https:\/\/www.delimuhendis.org\/index.php?rest_route=%2Fwp%2Fv2%2Ftags&post=1611"}],"curies":[{"name":"wp","href":"https:\/\/api.w.org\/{rel}","templated":true}]}}